{"id":1354,"date":"2008-10-23T14:58:12","date_gmt":"2008-10-23T12:58:12","guid":{"rendered":"http:\/\/www.borderzero.eu\/tts\/?p=1354"},"modified":"2009-06-17T14:58:53","modified_gmt":"2009-06-17T12:58:53","slug":"reti-ten-t-progetto-da-rivedere-nuovo-libro-verde-nel-2009","status":"publish","type":"post","link":"https:\/\/www.ttsitalia.it\/en\/reti-ten-t-progetto-da-rivedere-nuovo-libro-verde-nel-2009\/","title":{"rendered":"Reti TEN-T: progetto da rivedere. Nuovo Libro Verde nel 2009"},"content":{"rendered":"<p>Inserito il 23\/10\/2008<\/p>\n<p>La politica europea delle reti Ten sar\u00e0 cambiata. L\u2019annuncio \u00e8 stato dato dal commissario europeo ai Trasporti, Antonio Tajani, durante il \u201cTen-T Days\u201d dei giorni scorsi. Tajani ha raccolto le relazioni degli otto coordinatori di progetti infrastrutturali <!--more-->europei e ha approfittato dell\u2019occasione per presentare il progetto di revisione, che partir\u00e0 da un libro verde che verr\u00e0 pubblicato all\u2019inizio del 2009.<br \/>\n\u00abE\u2019 giunto il momento di cambiare in profondit\u00e0 la politica delle Reti transeuropee\u00bb ha detto il commissario di fronte alla platea del meeting, che si \u00e8 tenuto a Bruxelles.<br \/>\n\u00abQuando osservo &#8211; ha proseguito Tajani &#8211; l\u2019interesse che ha suscitato questa conferenza, ho la conferma che la necessit\u00e0 di un cambiamento e di una evoluzione \u00e8 profondamente condivisa\u00bb. Tajani ha ricordato come il programma di sviluppo armonioso delle infrastrutture europee sia partito con il trattato di Maastricht, 15 anni fa. La politica delle reti Ten era stata concepita per assicurare il funzionamento del mercato interno, lo sviluppo sostenibile e la coesione economica e sociale fra gli Stati. Da allora si sono aggiunte nuove urgenze. \u00abOggi &#8211; ha detto Tajani &#8211; lo scenario \u00e8 cambiato. Le sfide che dovremo affrontare in futuro, e la pi\u00f9 importante \u00e8 certamente quella legata al cambiamento climatico, richiedono un approccio nuovo e diverso\u00bb. Il commissario ha posto l\u2019accento sul problema ambientale proprio nei giorni in cui a Bruxelles si \u00e8 svolto un difficile vertice europeo sul clima, in cui proprio l\u2019Italia, assieme alla Polonia, ha chiesto e ottenuto un rinvio delle decisioni per poter valutare l\u2019impatto economico delle misure previste. In attesa di conoscere quali vincoli l\u2019Europa imporr\u00e0 alle proprie industrie, Tajani ha posto la questione dei trasporti: \u00abIl trasporto &#8211; ha spiegato &#8211; \u00e8 fra quei settori che contribuiscono maggiormente all\u2019emissione di biossido di carbonio. La nostra sfida pi\u00f9 ambiziosa \u00e8 realizzare trasporti puliti, meno inquinanti, ma sempre efficaci e moderni\u00bb. Effetti positivi dovrebbero arrivare, secondo Tajani, dall\u2019eliminazione dei colli di bottiglia, uno degli obiettivi delle reti Ten.<br \/>\nPer completare le infrastrutture occorre per\u00f2 sciogliere il nodo dei finanziamenti: \u00abLa crisi finanziaria ci pone oggi di fronte all\u2019obbligo di riflettere su come far fronte agli impegni presi\u00bb. Di qui un appello, agli Stati e ai privati, perch\u00e9 mettano mano al portafoglio, guardando oltre l\u2019orizzonte temporale della crisi attuale. \u00abE\u2019 uno sforzo di fiducia &#8211; ha detto rivolto alla platea &#8211; che l\u2019Europa chiede in questo momento delicato, ma, ne sono certo, esso dar\u00e0 presto i suoi risultati. Il sostegno degli investimenti su scala europea si tradurr\u00e0 in tempi brevi, per i Paesi membri, in benefici a livello nazionale e locale\u00bb. Anche l\u2019Europa far\u00e0 la sua parte: \u00abHo concordato con il presidente della Banca europea per gli investimenti (Bei) Maystadt, la creazione di un gruppo di lavoro informale per definire i nuovi strumenti di finanziamento e facilitare la partecipazione degli investiroti privati\u00bb.<\/p>\n<p>Fonte: Trasportale<\/p>\n","protected":false},"excerpt":{"rendered":"<p>Inserito il 23\/10\/2008 La politica europea delle reti Ten sar\u00e0 cambiata. L\u2019annuncio \u00e8 stato dato dal commissario europeo ai Trasporti, Antonio Tajani, durante il \u201cTen-T Days\u201d dei giorni scorsi. Tajani ha raccolto le relazioni degli otto coordinatori di progetti infrastrutturali<\/p>\n","protected":false},"author":642,"featured_media":0,"comment_status":"closed","ping_status":"closed","sticky":false,"template":"","format":"standard","meta":{"_uag_custom_page_level_css":""},"categories":[1],"tags":[],"uagb_featured_image_src":{"full":false,"thumbnail":false,"medium":false,"medium_large":false,"large":false,"1536x1536":false,"2048x2048":false,"post-thumbnail":false},"uagb_author_info":{"display_name":"admin","author_link":"https:\/\/www.ttsitalia.it\/en\/author\/admin\/"},"uagb_comment_info":0,"uagb_excerpt":"Inserito il 23\/10\/2008 La politica europea delle reti Ten sar\u00e0 cambiata. L\u2019annuncio \u00e8 stato dato dal commissario europeo ai Trasporti, Antonio Tajani, durante il \u201cTen-T Days\u201d dei giorni scorsi. Tajani ha raccolto le relazioni degli otto coordinatori di progetti infrastrutturali","_links":{"self":[{"href":"https:\/\/www.ttsitalia.it\/en\/wp-json\/wp\/v2\/posts\/1354"}],"collection":[{"href":"https:\/\/www.ttsitalia.it\/en\/wp-json\/wp\/v2\/posts"}],"about":[{"href":"https:\/\/www.ttsitalia.it\/en\/wp-json\/wp\/v2\/types\/post"}],"author":[{"embeddable":true,"href":"https:\/\/www.ttsitalia.it\/en\/wp-json\/wp\/v2\/users\/642"}],"replies":[{"embeddable":true,"href":"https:\/\/www.ttsitalia.it\/en\/wp-json\/wp\/v2\/comments?post=1354"}],"version-history":[{"count":2,"href":"https:\/\/www.ttsitalia.it\/en\/wp-json\/wp\/v2\/posts\/1354\/revisions"}],"predecessor-version":[{"id":1356,"href":"https:\/\/www.ttsitalia.it\/en\/wp-json\/wp\/v2\/posts\/1354\/revisions\/1356"}],"wp:attachment":[{"href":"https:\/\/www.ttsitalia.it\/en\/wp-json\/wp\/v2\/media?parent=1354"}],"wp:term":[{"taxonomy":"category","embeddable":true,"href":"https:\/\/www.ttsitalia.it\/en\/wp-json\/wp\/v2\/categories?post=1354"},{"taxonomy":"post_tag","embeddable":true,"href":"https:\/\/www.ttsitalia.it\/en\/wp-json\/wp\/v2\/tags?post=1354"}],"curies":[{"name":"wp","href":"https:\/\/api.w.org\/{rel}","templated":true}]}}