{"id":1385,"date":"2008-10-17T15:23:43","date_gmt":"2008-10-17T13:23:43","guid":{"rendered":"http:\/\/www.borderzero.eu\/tts\/?p=1385"},"modified":"2009-06-17T15:24:23","modified_gmt":"2009-06-17T13:24:23","slug":"milano-ztl-sarpi-un-passo-verso-la-meta","status":"publish","type":"post","link":"https:\/\/www.ttsitalia.it\/en\/milano-ztl-sarpi-un-passo-verso-la-meta\/","title":{"rendered":"Milano: Ztl Sarpi, un passo verso la meta"},"content":{"rendered":"<p>Inserito il 17\/10\/2008<\/p>\n<p>Procede a piccoli ma proficui passi il percorso di realizzazione della Zona a Traffico Limitato a Milano in via Paolo Sarpi a cui seguir\u00e0 la realizzazione dell\u2019isola pedonale prevista per il prossimo anno.<!--more--><br \/>\nDopo l\u2019installazione di cinque telecamere che sorveglieranno i passaggi nella via, si \u00e8 finalmente raggiunto un accordo sulla spinosa questione della fascia oraria per lo scarico e carico delle merci. Un punto che rischiava di creare un impasse a causa delle titubanze dei commercianti della zona. Con questi ultimi il Comune ha trovato un punto di convergenza: si potr\u00e0 effettuare il carico e scarico delle merci dalle 10 alle 12.30. Ci sar\u00e0 per\u00f2 anche un\u2019altra finestra riservata ad alcune categorie come i ristoranti o le edicole tra le 6 e le 7.30. Da Palazzo Marino hanno anche fatto sapere che in prossimit\u00e0 dell\u2019area soggetta a ZTL saranno realizzati parcheggi e che \u00e8 allo studio anche la possibilit\u00e0 di avviare un servizio di navetta nella ZTL.<\/p>\n<p>Fonte: Eco dalle citt\u00e0<\/p>\n","protected":false},"excerpt":{"rendered":"<p>Inserito il 17\/10\/2008 Procede a piccoli ma proficui passi il percorso di realizzazione della Zona a Traffico Limitato a Milano in via Paolo Sarpi a cui seguir\u00e0 la realizzazione dell\u2019isola pedonale prevista per il prossimo anno.<\/p>\n","protected":false},"author":642,"featured_media":0,"comment_status":"closed","ping_status":"closed","sticky":false,"template":"","format":"standard","meta":{"_uag_custom_page_level_css":""},"categories":[1],"tags":[],"uagb_featured_image_src":{"full":false,"thumbnail":false,"medium":false,"medium_large":false,"large":false,"1536x1536":false,"2048x2048":false,"post-thumbnail":false},"uagb_author_info":{"display_name":"admin","author_link":"https:\/\/www.ttsitalia.it\/en\/author\/admin\/"},"uagb_comment_info":0,"uagb_excerpt":"Inserito il 17\/10\/2008 Procede a piccoli ma proficui passi il percorso di realizzazione della Zona a Traffico Limitato a Milano in via Paolo Sarpi a cui seguir\u00e0 la realizzazione dell\u2019isola pedonale prevista per il prossimo anno.","_links":{"self":[{"href":"https:\/\/www.ttsitalia.it\/en\/wp-json\/wp\/v2\/posts\/1385"}],"collection":[{"href":"https:\/\/www.ttsitalia.it\/en\/wp-json\/wp\/v2\/posts"}],"about":[{"href":"https:\/\/www.ttsitalia.it\/en\/wp-json\/wp\/v2\/types\/post"}],"author":[{"embeddable":true,"href":"https:\/\/www.ttsitalia.it\/en\/wp-json\/wp\/v2\/users\/642"}],"replies":[{"embeddable":true,"href":"https:\/\/www.ttsitalia.it\/en\/wp-json\/wp\/v2\/comments?post=1385"}],"version-history":[{"count":1,"href":"https:\/\/www.ttsitalia.it\/en\/wp-json\/wp\/v2\/posts\/1385\/revisions"}],"predecessor-version":[{"id":1386,"href":"https:\/\/www.ttsitalia.it\/en\/wp-json\/wp\/v2\/posts\/1385\/revisions\/1386"}],"wp:attachment":[{"href":"https:\/\/www.ttsitalia.it\/en\/wp-json\/wp\/v2\/media?parent=1385"}],"wp:term":[{"taxonomy":"category","embeddable":true,"href":"https:\/\/www.ttsitalia.it\/en\/wp-json\/wp\/v2\/categories?post=1385"},{"taxonomy":"post_tag","embeddable":true,"href":"https:\/\/www.ttsitalia.it\/en\/wp-json\/wp\/v2\/tags?post=1385"}],"curies":[{"name":"wp","href":"https:\/\/api.w.org\/{rel}","templated":true}]}}