{"id":1958,"date":"2008-05-29T16:03:49","date_gmt":"2008-05-29T14:03:49","guid":{"rendered":"http:\/\/www.borderzero.eu\/tts\/?p=1958"},"modified":"2009-07-13T16:06:48","modified_gmt":"2009-07-13T14:06:48","slug":"l%e2%80%99anci-prepara-un-pacchetto-di-proposte-per-affrontare-i-problemi-dei-trasporti","status":"publish","type":"post","link":"https:\/\/www.ttsitalia.it\/en\/l%e2%80%99anci-prepara-un-pacchetto-di-proposte-per-affrontare-i-problemi-dei-trasporti\/","title":{"rendered":"L\u2019Anci prepara un pacchetto di proposte per affrontare i problemi dei trasporti"},"content":{"rendered":"<p>Inserito il 29\/05\/2008<\/p>\n<p>\u201cStiamo lavorando per mettere a punto un pacchetto di proposte concrete da avanzare al Governo sui temi della mobilit\u00e0 collettiva&#8221;. E\u2019 quanto ha annunciato il presidente della <!--more-->Consulta Mobilit\u00e0 dell&#8217;Anci, nonch\u00e9 assessore alla Mobilit\u00e0 del Comune di Venezia, Enrico Mingardi, durante una riunione che si \u00e8 svolta a Roma nell&#8217;ambito di MotechEco, il primo salone sulla mobilit\u00e0 sostenibile. In particolare, il programma dell&#8217;Anci prevede la creazione di un unico centro di spesa per la mobilit\u00e0, nonch\u00e9 il rilancio del trasporto collettivo nelle citt\u00e0. A pochi giorni dal \u201cPatto di Legislatura\u201d avanzato dalla Regioni per rilanciare il trasporto pubblico locale, ora anche l\u2019Associazione nazionale dei Comuni muove le prime proposte al nuovo esecutivo. &#8220;Proposte \u2013 ha dichiarato Mingardi &#8211; che riguardano principalmente l&#8217;armonizzazione in un unico fondo per la mobilit\u00e0 urbana delle risorse ora estremamente frammentate; l&#8217;armonizzazione, anche attraverso una delega al Governo, sulle materie della mobilit\u00e0 urbana e per regolamentare i piani comunali; infine la rivisitazione delle regole, anche nel Codice della Strada. Tutte proposte \u2013 ha aggiunto il presidente della Consulta &#8211; che si rendono necessarie viste le grandi trasformazioni che i Comuni stanno promuovendo nella organizzazione della mobilit\u00e0 (ecopass, ztl, tariffazione della sosta)&#8221;. &#8220;In Italia vige un senso di arretratezza sull&#8217;uso dell&#8217;automobile &#8211; ha precisato<br \/>\nMingardi &#8211; basti pensare che a fronte di circa 850 vetture per mille abitanti nelle grandi citt\u00e0 italiane, in Europa ce ne sono appena 300- 400. In tal senso \u00e8 necessario investire sulla mobilit\u00e0 collettiva in quanto sono gli stessi cittadini a richiederlo&#8221;. &#8220;Nei prossimi giorni &#8211; ha concluso Mingardi &#8211; l&#8217;Anci chieder\u00e0 un incontro ai Ministri competenti per affrontare, oltre all&#8217;emergenza, i problemi della mobilit\u00e0 con un agenda per i prossimi cinque anni&#8221;<\/p>\n<p>Fonte: Trambus<\/p>\n","protected":false},"excerpt":{"rendered":"<p>Inserito il 29\/05\/2008 \u201cStiamo lavorando per mettere a punto un pacchetto di proposte concrete da avanzare al Governo sui temi della mobilit\u00e0 collettiva&#8221;. E\u2019 quanto ha annunciato il presidente della<\/p>\n","protected":false},"author":642,"featured_media":0,"comment_status":"closed","ping_status":"closed","sticky":false,"template":"","format":"standard","meta":{"_uag_custom_page_level_css":""},"categories":[1],"tags":[],"uagb_featured_image_src":{"full":false,"thumbnail":false,"medium":false,"medium_large":false,"large":false,"1536x1536":false,"2048x2048":false,"post-thumbnail":false},"uagb_author_info":{"display_name":"admin","author_link":"https:\/\/www.ttsitalia.it\/en\/author\/admin\/"},"uagb_comment_info":0,"uagb_excerpt":"Inserito il 29\/05\/2008 \u201cStiamo lavorando per mettere a punto un pacchetto di proposte concrete da avanzare al Governo sui temi della mobilit\u00e0 collettiva&#8221;. E\u2019 quanto ha annunciato il presidente della","_links":{"self":[{"href":"https:\/\/www.ttsitalia.it\/en\/wp-json\/wp\/v2\/posts\/1958"}],"collection":[{"href":"https:\/\/www.ttsitalia.it\/en\/wp-json\/wp\/v2\/posts"}],"about":[{"href":"https:\/\/www.ttsitalia.it\/en\/wp-json\/wp\/v2\/types\/post"}],"author":[{"embeddable":true,"href":"https:\/\/www.ttsitalia.it\/en\/wp-json\/wp\/v2\/users\/642"}],"replies":[{"embeddable":true,"href":"https:\/\/www.ttsitalia.it\/en\/wp-json\/wp\/v2\/comments?post=1958"}],"version-history":[{"count":2,"href":"https:\/\/www.ttsitalia.it\/en\/wp-json\/wp\/v2\/posts\/1958\/revisions"}],"predecessor-version":[{"id":1960,"href":"https:\/\/www.ttsitalia.it\/en\/wp-json\/wp\/v2\/posts\/1958\/revisions\/1960"}],"wp:attachment":[{"href":"https:\/\/www.ttsitalia.it\/en\/wp-json\/wp\/v2\/media?parent=1958"}],"wp:term":[{"taxonomy":"category","embeddable":true,"href":"https:\/\/www.ttsitalia.it\/en\/wp-json\/wp\/v2\/categories?post=1958"},{"taxonomy":"post_tag","embeddable":true,"href":"https:\/\/www.ttsitalia.it\/en\/wp-json\/wp\/v2\/tags?post=1958"}],"curies":[{"name":"wp","href":"https:\/\/api.w.org\/{rel}","templated":true}]}}