{"id":48004,"date":"2019-09-11T10:12:19","date_gmt":"2019-09-11T08:12:19","guid":{"rendered":"http:\/\/www.ttsitalia.it\/?p=48004"},"modified":"2019-09-11T10:12:20","modified_gmt":"2019-09-11T08:12:20","slug":"e-rovana-plumb-il-nuovo-commissario-ai-trasporti","status":"publish","type":"post","link":"https:\/\/www.ttsitalia.it\/en\/e-rovana-plumb-il-nuovo-commissario-ai-trasporti\/","title":{"rendered":"E&#8217; Rovana Plumb il nuovo commissario ai Trasporti"},"content":{"rendered":"<p><a href=\"http:\/\/www.ttsitalia.it\/?attachment_id=48005\" rel=\"attachment wp-att-48005\"><img loading=\"lazy\" class=\"aligncenter size-full wp-image-48005\" src=\"http:\/\/www.ttsitalia.it\/wp-content\/uploads\/2019\/09\/europa_bandiera_tn_290_230.jpg\" alt=\"europa_bandiera_tn_290_230\" width=\"290\" height=\"230\" \/><\/a>Sar\u00e0 la rumena Rovana Plumb, vice presidente del gruppo parlamentare europeo dell&#8217;Alleanza progressista di socialisti e democratici, ad assumere l&#8217;incarico di commissario europeo dei Trasporti.<br \/>\nLa squadra della nuova Commissione Europa, 27 componenti dell&#8217;esecutivo europeo scelti dalla presidente eletta Ursula von der Leyen che ha voluto tre vicepresidenti esecutivi e cinque vicepresidenti, \u00e8 stata presentata oggi. Ursula von der Leyen ha ricordato i ruoli ricoperti in passato da Plumb nel governo rumeno di ministro dell&#8217;Ambiente e del cambiamento climatico, di ministro dei Fondi europei, di ministro dell&#8217;Educazione e di ministro dei Trasporti ad interim.<br \/>\nIl commissario nominato dall\u2019Italia \u00e8 l\u2019ex presidente del Consiglio Paolo Gentiloni, a cui \u00e8 stata assegnata la competenza per gli Affari economici.<br \/>\nL&#8217;olandese Frans Timmermans \u00e8 stato nominato quale vicepresidente esecutivo della Commissione Ue per il Patto verde con delega al Clima; la danese Margrethe Vestager \u00e8 vicepresidente esecutivo per il Digitale, con delega alla Concorrenza. Il lettone Valdis Dombrovskis \u00e8 il terzo presidente esecutivo che torner\u00e0 ad essere vicepresidente per le politiche economiche europee, con delega ai servizi finanziari e lavorer\u00e0 a stretto contatto con il commissario Gentiloni.<\/p>\n<p>Fonte: www.trasporti-italia.com<\/p>\n","protected":false},"excerpt":{"rendered":"<p>Sar\u00e0 la rumena Rovana Plumb, vice presidente del gruppo parlamentare europeo dell&#8217;Alleanza progressista di socialisti e democratici, ad assumere l&#8217;incarico di commissario europeo dei Trasporti. La squadra della nuova Commissione Europa, 27 componenti dell&#8217;esecutivo europeo scelti dalla presidente eletta Ursula von der Leyen che ha voluto tre vicepresidenti esecutivi e cinque vicepresidenti, \u00e8 stata presentata&hellip; <a class=\"more-link\" href=\"https:\/\/www.ttsitalia.it\/en\/e-rovana-plumb-il-nuovo-commissario-ai-trasporti\/\">Continue reading <span class=\"screen-reader-text\">E&#8217; Rovana Plumb il nuovo commissario ai Trasporti<\/span><\/a><\/p>\n","protected":false},"author":4,"featured_media":0,"comment_status":"closed","ping_status":"closed","sticky":false,"template":"","format":"standard","meta":{"_uag_custom_page_level_css":""},"categories":[1],"tags":[],"uagb_featured_image_src":{"full":false,"thumbnail":false,"medium":false,"medium_large":false,"large":false,"1536x1536":false,"2048x2048":false,"post-thumbnail":false},"uagb_author_info":{"display_name":"laura","author_link":"https:\/\/www.ttsitalia.it\/en\/author\/laura\/"},"uagb_comment_info":0,"uagb_excerpt":"Sar\u00e0 la rumena Rovana Plumb, vice presidente del gruppo parlamentare europeo dell&#8217;Alleanza progressista di socialisti e democratici, ad assumere l&#8217;incarico di commissario europeo dei Trasporti. La squadra della nuova Commissione Europa, 27 componenti dell&#8217;esecutivo europeo scelti dalla presidente eletta Ursula von der Leyen che ha voluto tre vicepresidenti esecutivi e cinque vicepresidenti, \u00e8 stata presentata&hellip;&hellip;","_links":{"self":[{"href":"https:\/\/www.ttsitalia.it\/en\/wp-json\/wp\/v2\/posts\/48004"}],"collection":[{"href":"https:\/\/www.ttsitalia.it\/en\/wp-json\/wp\/v2\/posts"}],"about":[{"href":"https:\/\/www.ttsitalia.it\/en\/wp-json\/wp\/v2\/types\/post"}],"author":[{"embeddable":true,"href":"https:\/\/www.ttsitalia.it\/en\/wp-json\/wp\/v2\/users\/4"}],"replies":[{"embeddable":true,"href":"https:\/\/www.ttsitalia.it\/en\/wp-json\/wp\/v2\/comments?post=48004"}],"version-history":[{"count":1,"href":"https:\/\/www.ttsitalia.it\/en\/wp-json\/wp\/v2\/posts\/48004\/revisions"}],"predecessor-version":[{"id":48006,"href":"https:\/\/www.ttsitalia.it\/en\/wp-json\/wp\/v2\/posts\/48004\/revisions\/48006"}],"wp:attachment":[{"href":"https:\/\/www.ttsitalia.it\/en\/wp-json\/wp\/v2\/media?parent=48004"}],"wp:term":[{"taxonomy":"category","embeddable":true,"href":"https:\/\/www.ttsitalia.it\/en\/wp-json\/wp\/v2\/categories?post=48004"},{"taxonomy":"post_tag","embeddable":true,"href":"https:\/\/www.ttsitalia.it\/en\/wp-json\/wp\/v2\/tags?post=48004"}],"curies":[{"name":"wp","href":"https:\/\/api.w.org\/{rel}","templated":true}]}}