{"id":48538,"date":"2019-10-28T09:41:37","date_gmt":"2019-10-28T08:41:37","guid":{"rendered":"http:\/\/www.ttsitalia.it\/?p=48538"},"modified":"2019-10-28T09:41:38","modified_gmt":"2019-10-28T08:41:38","slug":"innovazione-per-lo-sport-targa-telematics-crea-il-team-targa-squadra-di-atleti-per-la-coppa-del-mondo-di-sci-alpino","status":"publish","type":"post","link":"https:\/\/www.ttsitalia.it\/en\/innovazione-per-lo-sport-targa-telematics-crea-il-team-targa-squadra-di-atleti-per-la-coppa-del-mondo-di-sci-alpino\/","title":{"rendered":"Innovazione per lo sport: Targa Telematics crea il Team Targa, squadra di atleti per la Coppa del Mondo di Sci Alpino"},"content":{"rendered":"<p><a href=\"http:\/\/www.ttsitalia.it\/?attachment_id=48539\" rel=\"attachment wp-att-48539\"><img loading=\"lazy\" class=\"aligncenter size-full wp-image-48539\" src=\"http:\/\/www.ttsitalia.it\/wp-content\/uploads\/2019\/10\/targa-telematics1.gif\" alt=\"targa-telematics\" width=\"180\" height=\"35\" \/><\/a>Targa Telematics, socio fondatore di TTS Italia, annuncia<!--more--> la sponsorizzazione di cinque atleti impegnati in diverse specialit\u00e0 della Coppa del Mondo di Sci Alpino 2019\/2020, in partenza il 26 e 27 ottobre a S\u00f6lden in Austria, costituendo cos\u00ec un gruppo internazionale a proprio brand.<br \/>\nCon questa iniziativa, l\u2019azienda rafforza il proprio impegno verso il mondo dello sport, dove opera sia sostenendo atleti e atlete nazionali e internazionali sia offrendo le proprie soluzioni tecnologiche a realt\u00e0 importanti del settore.<br \/>\nLa rosa degli atleti Targa Telematics \u00e8 composta da cinque elementi, alcuni giovanissimi, di grande talento e con grandi potenzialit\u00e0 di ottenere risultati prestigiosi nella stagione entrante.<br \/>\nEmanuele Buzzi, da tempo nel gotha delle discipline veloci, a 25 anni \u00e8 gi\u00e0 atleta di grande esperienza, avendo vinto la Coppa Europa 2016 di SuperG e avendo partecipato alle Olimpiadi di Pyeongchang nel 2018. Dopo l\u2019infortunio nella zona di arrivo della discesa di Wengen a gennaio 2019, che lo aveva costretto a interrompere prematuramente la stagione, pur avendo concluso ad un brillante sesto posto, Lele \u00e8 tornato in piena forma ed \u00e8 uno degli sciatori italiani col pi\u00f9 alto potenziale per il 2019\/2020.<br \/>\nAlice Robinson, giovanissima campionessa neozelandese impegnata in Gigante e SuperG, vanta gi\u00e0, a neanche 18 anni, una partecipazione olimpica nel 2018 e, tra le altre, la vittoria ai campionati del Mondo juniores nel 2019. La promessa dello sci mondiale, allenata dal team prima dedicato a Lindsey Vonn, nel 2019 ha ottenuto altres\u00ec un grande secondo posto nello slalom gigante delle finali di Coppa del Mondo di Soldeu 2019.<br \/>\nRiver Radamus \u00e8 la grande promessa dello sci americano e si dedica a Gigante, SuperG e Slalom: a soli vent\u2019anni vanta una serie impressionante di successi a livello juniores tra i quali spiccano i 3 ori ai Giochi Olimpici Giovanili Invernali e le 5 medaglie ai Campionati del Mondo Juniores di cui 2 ori conquistati proprio nel 2019 in Val di Fassa. Ora River \u00e8 atteso dalla prima stagione di Coppa del Mondo quale colonna portante del Team Targa.<br \/>\nRen\u00e8 De Silvestro \u00e8 un giovane atleta paralimpico, grande nuovo ingresso nella squadra che, oltre ad eccellere nell\u2019atletica, \u00e8 una delle punte di diamante della squadra nazionale italiana di sci. Dopo la partecipazione alle Olimpiadi di Pyeongchang vanta gi\u00e0 numerosi piazzamenti in Coppa del Mondo, tra cui spiccano alcuni podi, e proprio quest\u2019anno si propone di dare l\u2019assalto alla prima vittoria.<br \/>\nGiulio Bosca \u00e8 il veterano della squadra Targa, vanta numerose stagioni nello sci di alto livello ed in Coppa del Mondo, inframezzate da periodi dedicati all\u2019alta formazione per ottenere una laurea in Economia e Commercio ed un Master in Business Administration. Si presenta alla stagione entrante con la consueta determinazione per conquistare un posto stabile nella starting list di Coppa del Mondo.<br \/>\n\u201cCi entusiasma poter sostenere e accompagnare questo gruppo di enorme talento e potenziale al raggiungimento dei loro ambiziosi traguardi. Cinque ragazzi che sentiamo molto vicini ai valori e alle caratteristiche che animano le persone che operano ogni giorno nella nostra organizzazione, e a cui auguriamo un grande in bocca al lupo per le sfide della prossima stagione\u201d, dichiara Nicola De Mattia, CEO di Targa Telematics. \u201cRiteniamo che lo sport abbia un\u2019importanza fondamentale per aiutare i ragazzi ad acquisire stili di vita attivi e positivi, maturare e diventare persone e professionisti migliori. La passione per lo sci Alpino e per gli sport invernali si coniuga con il rispetto per la montagna e per l\u2019ambiente, tema prioritario per Targa Telematics, che \u00e8 focalizzata sull\u2019evoluzione tecnologica diretta alle soluzioni di smart mobility, la cui adozione \u00e8 e sar\u00e0 parte dello sforzo generale volto alla tutela del pianeta a cui tutti siamo chiamati.<br \/>\nIn occasione della presentazione del programma di sponsorizzazione, Targa Telematics annuncia il restyling del proprio logo aziendale che sar\u00e0 presente sui caschi dei propri atleti a partire dalle prime gare a fine ottobre.<\/p>\n<p>Segui gli eventi della Coppa del Mondo e condividi sui social network i risultati della squadra con @TargaTelematics #TeamTarga.<\/p>\n<p>Fonte: Targa Telematics<\/p>\n","protected":false},"excerpt":{"rendered":"<p>Targa Telematics, socio fondatore di TTS Italia, annuncia<\/p>\n","protected":false},"author":4,"featured_media":0,"comment_status":"closed","ping_status":"closed","sticky":false,"template":"","format":"standard","meta":{"_uag_custom_page_level_css":""},"categories":[55],"tags":[],"uagb_featured_image_src":{"full":false,"thumbnail":false,"medium":false,"medium_large":false,"large":false,"1536x1536":false,"2048x2048":false,"post-thumbnail":false},"uagb_author_info":{"display_name":"laura","author_link":"https:\/\/www.ttsitalia.it\/en\/author\/laura\/"},"uagb_comment_info":0,"uagb_excerpt":"Targa Telematics, socio fondatore di TTS Italia, annuncia","_links":{"self":[{"href":"https:\/\/www.ttsitalia.it\/en\/wp-json\/wp\/v2\/posts\/48538"}],"collection":[{"href":"https:\/\/www.ttsitalia.it\/en\/wp-json\/wp\/v2\/posts"}],"about":[{"href":"https:\/\/www.ttsitalia.it\/en\/wp-json\/wp\/v2\/types\/post"}],"author":[{"embeddable":true,"href":"https:\/\/www.ttsitalia.it\/en\/wp-json\/wp\/v2\/users\/4"}],"replies":[{"embeddable":true,"href":"https:\/\/www.ttsitalia.it\/en\/wp-json\/wp\/v2\/comments?post=48538"}],"version-history":[{"count":1,"href":"https:\/\/www.ttsitalia.it\/en\/wp-json\/wp\/v2\/posts\/48538\/revisions"}],"predecessor-version":[{"id":48540,"href":"https:\/\/www.ttsitalia.it\/en\/wp-json\/wp\/v2\/posts\/48538\/revisions\/48540"}],"wp:attachment":[{"href":"https:\/\/www.ttsitalia.it\/en\/wp-json\/wp\/v2\/media?parent=48538"}],"wp:term":[{"taxonomy":"category","embeddable":true,"href":"https:\/\/www.ttsitalia.it\/en\/wp-json\/wp\/v2\/categories?post=48538"},{"taxonomy":"post_tag","embeddable":true,"href":"https:\/\/www.ttsitalia.it\/en\/wp-json\/wp\/v2\/tags?post=48538"}],"curies":[{"name":"wp","href":"https:\/\/api.w.org\/{rel}","templated":true}]}}