{"id":58543,"date":"2021-11-24T07:59:47","date_gmt":"2021-11-24T06:59:47","guid":{"rendered":"https:\/\/www.ttsitalia.it\/?p=58543"},"modified":"2021-11-24T08:02:56","modified_gmt":"2021-11-24T07:02:56","slug":"conferenza-del-traffico-e-della-circolazione-il-30-novembre-la-nuova-edizione","status":"publish","type":"post","link":"https:\/\/www.ttsitalia.it\/en\/conferenza-del-traffico-e-della-circolazione-il-30-novembre-la-nuova-edizione\/","title":{"rendered":"Conferenza del Traffico e della Circolazione. Il 30 novembre la nuova edizione."},"content":{"rendered":"<p><a href=\"https:\/\/www.ttsitalia.it\/?attachment_id=58545\" rel=\"attachment wp-att-58545\"><img loading=\"lazy\" class=\"alignnone size-thumbnail wp-image-58545\" src=\"https:\/\/www.ttsitalia.it\/wp-content\/uploads\/2021\/11\/SAVE-THE-DATE-110x110.png\" alt=\"SAVE THE DATE\" width=\"110\" height=\"110\" \/><\/a><br \/>\nIl 30<!--more--> novembre prossimo si svolger\u00e0 la 75^ edizione della Conferenza del Traffico e della Circolazione, organizzata da ACI; socio fondatore di TTS Italia, Ministero delle Infrastrutture e Mobilit\u00e0 Sostenibili e dalla Fondazione Caracciolo.<\/p>\n<p>L&#8217;evento, che vedr\u00e0 anche la partecipazione del Ministro Giovannini, si incentra sulla transizione energetica della mobilit\u00e0 verso la neutralit\u00e0 carbonica al 2050, e le relative sfide ambientali, economiche e sociali.<\/p>\n<p>La Conferenza si terr\u00e0 a Roma, ma sar\u00e0 trasmessa anche in diretta streaming.<\/p>\n<p>Per l&#8217;agenda,\u00a0<a href=\"https:\/\/www.ttsitalia.it\/wp-content\/uploads\/2021\/11\/PROGRAMMA_75sima_Conf_Traff_Circ.pdf\">clicca qui<\/a><\/p>\n<p>Per maggiori dettagli e per partecipare: segreteria_eventi@aci.it<\/p>\n<p>Fonte: ACI<\/p>\n","protected":false},"excerpt":{"rendered":"<p>Il 30<\/p>\n","protected":false},"author":4,"featured_media":0,"comment_status":"closed","ping_status":"closed","sticky":false,"template":"","format":"standard","meta":{"_uag_custom_page_level_css":""},"categories":[55],"tags":[],"uagb_featured_image_src":{"full":false,"thumbnail":false,"medium":false,"medium_large":false,"large":false,"1536x1536":false,"2048x2048":false,"post-thumbnail":false},"uagb_author_info":{"display_name":"laura","author_link":"https:\/\/www.ttsitalia.it\/en\/author\/laura\/"},"uagb_comment_info":0,"uagb_excerpt":"Il 30","_links":{"self":[{"href":"https:\/\/www.ttsitalia.it\/en\/wp-json\/wp\/v2\/posts\/58543"}],"collection":[{"href":"https:\/\/www.ttsitalia.it\/en\/wp-json\/wp\/v2\/posts"}],"about":[{"href":"https:\/\/www.ttsitalia.it\/en\/wp-json\/wp\/v2\/types\/post"}],"author":[{"embeddable":true,"href":"https:\/\/www.ttsitalia.it\/en\/wp-json\/wp\/v2\/users\/4"}],"replies":[{"embeddable":true,"href":"https:\/\/www.ttsitalia.it\/en\/wp-json\/wp\/v2\/comments?post=58543"}],"version-history":[{"count":2,"href":"https:\/\/www.ttsitalia.it\/en\/wp-json\/wp\/v2\/posts\/58543\/revisions"}],"predecessor-version":[{"id":58551,"href":"https:\/\/www.ttsitalia.it\/en\/wp-json\/wp\/v2\/posts\/58543\/revisions\/58551"}],"wp:attachment":[{"href":"https:\/\/www.ttsitalia.it\/en\/wp-json\/wp\/v2\/media?parent=58543"}],"wp:term":[{"taxonomy":"category","embeddable":true,"href":"https:\/\/www.ttsitalia.it\/en\/wp-json\/wp\/v2\/categories?post=58543"},{"taxonomy":"post_tag","embeddable":true,"href":"https:\/\/www.ttsitalia.it\/en\/wp-json\/wp\/v2\/tags?post=58543"}],"curies":[{"name":"wp","href":"https:\/\/api.w.org\/{rel}","templated":true}]}}