{"id":60558,"date":"2022-02-28T08:29:49","date_gmt":"2022-02-28T07:29:49","guid":{"rendered":"https:\/\/www.ttsitalia.it\/?p=60558"},"modified":"2022-02-28T08:29:49","modified_gmt":"2022-02-28T07:29:49","slug":"mobilita-connessa-la-nuova-iniziativa-della-ce","status":"publish","type":"post","link":"https:\/\/www.ttsitalia.it\/en\/mobilita-connessa-la-nuova-iniziativa-della-ce\/","title":{"rendered":"Mobilit\u00e0 connessa: la nuova iniziativa della CE"},"content":{"rendered":"\n<figure class=\"wp-block-image size-medium\"><img loading=\"lazy\" width=\"300\" height=\"225\" src=\"https:\/\/www.ttsitalia.it\/wp-content\/uploads\/2021\/10\/434335-300x225.jpeg\" alt=\"\" class=\"wp-image-58035\" srcset=\"https:\/\/www.ttsitalia.it\/wp-content\/uploads\/2021\/10\/434335-300x225.jpeg 300w, https:\/\/www.ttsitalia.it\/wp-content\/uploads\/2021\/10\/434335-400x300.jpeg 400w, https:\/\/www.ttsitalia.it\/wp-content\/uploads\/2021\/10\/434335-600x450.jpeg 600w, https:\/\/www.ttsitalia.it\/wp-content\/uploads\/2021\/10\/434335.jpeg 688w\" sizes=\"(max-width: 300px) 100vw, 300px\" \/><\/figure>\n\n\n\n<p>La Commissione Europea ha adottato un\u2019iniziativa per garantire che la politica dell\u2019UE in materia di spettro radio soddisfi la crescente domanda di banda larga e di applicazioni digitali innovative.<\/p>\n\n\n\n<p>La decisione rende disponibili le bande 900 MHz e 1800 MHz per l\u2019utilizzo anche da parte di applicazioni 5G. Ci\u00f2 consentir\u00e0 una migliore connettivit\u00e0 per applicazioni utilizzate in alcuni settori cruciali: nel monitoraggio, nella diagnosi e nell\u2019assistenza sanitaria; smart home e consumi energetici ottimizzati; mobilit\u00e0 connessa e automatizzata per sistemi di trasporto pi\u00f9 sicuri ed efficienti.<\/p>\n\n\n\n<p>Accanto alle \u201cbande pionieristiche\u201d adattate per il 5G, il Radio Spectrum Policy Group ha individuato la necessit\u00e0 di garantire che le bande di frequenza gi\u00e0 adattate per 2G, 3G, 4G siano predisposte anche all\u2019uso del 5G.<br>Secondo il Piano d\u2019azione 5G, entro il 2025 le reti dovrebbero coprire tutte le aree urbane e le principali vie di trasporto. La Commissione ha inoltre adottato decisioni di attuazione per migliorare le condizioni tecniche per l\u2019uso dello spettro per dispositivi a corto raggio e Wi-FI.<\/p>\n\n\n\n<p>La connettivit\u00e0 avanzata e migliorata \u00e8 un obiettivo chiave del decennio digitale 2030 proposto dalla Commissione, in base al quale il 5G dovrebbe coprire tutte le aree popolate e tutte le famiglie dell\u2019UE dovrebbero avere accesso a connessioni Gigabit entro il 2030.<\/p>\n\n\n\n<p>Reti aggiornate, veloci e affidabili saranno il trampolino di lancio per una trasformazione digitale tempestiva e per consentire servizi e prodotti migliori in tutta Europa.<\/p>\n\n\n\n<p><br>Fonte: Cluster Trasporti<\/p>\n","protected":false},"excerpt":{"rendered":"<p>La Commissione Europea ha adottato un\u2019iniziativa per garantire che la politica dell\u2019UE in materia di spettro radio soddisfi la crescente domanda di banda larga e di applicazioni digitali innovative. La decisione rende disponibili le bande 900 MHz e 1800 MHz per l\u2019utilizzo anche da parte di applicazioni 5G. Ci\u00f2 consentir\u00e0 una migliore connettivit\u00e0 per applicazioni&hellip; <a class=\"more-link\" href=\"https:\/\/www.ttsitalia.it\/en\/mobilita-connessa-la-nuova-iniziativa-della-ce\/\">Continue reading <span class=\"screen-reader-text\">Mobilit\u00e0 connessa: la nuova iniziativa della CE<\/span><\/a><\/p>\n","protected":false},"author":4,"featured_media":0,"comment_status":"closed","ping_status":"closed","sticky":false,"template":"","format":"standard","meta":{"_uag_custom_page_level_css":""},"categories":[1],"tags":[],"uagb_featured_image_src":{"full":false,"thumbnail":false,"medium":false,"medium_large":false,"large":false,"1536x1536":false,"2048x2048":false,"post-thumbnail":false},"uagb_author_info":{"display_name":"laura","author_link":"https:\/\/www.ttsitalia.it\/en\/author\/laura\/"},"uagb_comment_info":0,"uagb_excerpt":"La Commissione Europea ha adottato un\u2019iniziativa per garantire che la politica dell\u2019UE in materia di spettro radio soddisfi la crescente domanda di banda larga e di applicazioni digitali innovative. La decisione rende disponibili le bande 900 MHz e 1800 MHz per l\u2019utilizzo anche da parte di applicazioni 5G. Ci\u00f2 consentir\u00e0 una migliore connettivit\u00e0 per applicazioni&hellip;&hellip;","_links":{"self":[{"href":"https:\/\/www.ttsitalia.it\/en\/wp-json\/wp\/v2\/posts\/60558"}],"collection":[{"href":"https:\/\/www.ttsitalia.it\/en\/wp-json\/wp\/v2\/posts"}],"about":[{"href":"https:\/\/www.ttsitalia.it\/en\/wp-json\/wp\/v2\/types\/post"}],"author":[{"embeddable":true,"href":"https:\/\/www.ttsitalia.it\/en\/wp-json\/wp\/v2\/users\/4"}],"replies":[{"embeddable":true,"href":"https:\/\/www.ttsitalia.it\/en\/wp-json\/wp\/v2\/comments?post=60558"}],"version-history":[{"count":1,"href":"https:\/\/www.ttsitalia.it\/en\/wp-json\/wp\/v2\/posts\/60558\/revisions"}],"predecessor-version":[{"id":60559,"href":"https:\/\/www.ttsitalia.it\/en\/wp-json\/wp\/v2\/posts\/60558\/revisions\/60559"}],"wp:attachment":[{"href":"https:\/\/www.ttsitalia.it\/en\/wp-json\/wp\/v2\/media?parent=60558"}],"wp:term":[{"taxonomy":"category","embeddable":true,"href":"https:\/\/www.ttsitalia.it\/en\/wp-json\/wp\/v2\/categories?post=60558"},{"taxonomy":"post_tag","embeddable":true,"href":"https:\/\/www.ttsitalia.it\/en\/wp-json\/wp\/v2\/tags?post=60558"}],"curies":[{"name":"wp","href":"https:\/\/api.w.org\/{rel}","templated":true}]}}