{"id":71200,"date":"2022-07-29T08:41:25","date_gmt":"2022-07-29T06:41:25","guid":{"rendered":"https:\/\/www.ttsitalia.it\/?p=71200"},"modified":"2022-07-29T08:41:27","modified_gmt":"2022-07-29T06:41:27","slug":"citta-e-trasporti-di-persone-e-merci-la-mobilita-urbana-al-centro-della-terza-tappa-di-moveo-a-firenze","status":"publish","type":"post","link":"https:\/\/www.ttsitalia.it\/en\/citta-e-trasporti-di-persone-e-merci-la-mobilita-urbana-al-centro-della-terza-tappa-di-moveo-a-firenze\/","title":{"rendered":"Citt\u00e0 e trasporti di persone e merci: la mobilit\u00e0 urbana al centro della terza tappa di Moveo a Firenze"},"content":{"rendered":"\n<p><br><\/p>\n\n\n\n<figure class=\"wp-block-image size-medium\"><img loading=\"lazy\" width=\"300\" height=\"169\" src=\"https:\/\/www.ttsitalia.it\/wp-content\/uploads\/2022\/07\/Moveo_28.07.2022-300x169.jpeg\" alt=\"\" class=\"wp-image-71201\" srcset=\"https:\/\/www.ttsitalia.it\/wp-content\/uploads\/2022\/07\/Moveo_28.07.2022-300x169.jpeg 300w, https:\/\/www.ttsitalia.it\/wp-content\/uploads\/2022\/07\/Moveo_28.07.2022-400x225.jpeg 400w, https:\/\/www.ttsitalia.it\/wp-content\/uploads\/2022\/07\/Moveo_28.07.2022.jpeg 720w\" sizes=\"(max-width: 300px) 100vw, 300px\" \/><\/figure>\n\n\n\n<p>Si \u00e8 tenuto il 28 luglio a Firenze il terzo appuntamento di \u201cMoveo\u201d, il percorso di incontri promosso dal Ministro delle Infrastrutture e della Mobilit\u00e0 Sostenibili, Enrico Giovannini, per accompagnare la redazione del nuovo Documento di indirizzo strategico del Ministero. All\u2019evento dal titolo \u201cLe citt\u00e0. Verso una mobilit\u00e0 sostenibile di merci e persone\u201d hanno partecipato un centinaio di operatori della mobilit\u00e0 delle persone e del trasporto merci e rappresentanti delle istituzioni locali. L\u2019incontro \u00e8 stato aperto dagli interventi del Ministro Enrico Giovannini, dal coordinatore dei lavori per la redazione del Documento Salvatore Rossi e dal Capo dipartimento per la mobilit\u00e0 sostenibile del Ministero Mauro Bonaretti.<\/p>\n\n\n\n<p>\u201cIn questi mesi abbiamo lavorato per porre le basi strategiche di un piano che parla di futuro, senza trascurare le emergenze attuali\u201d, ha sottolineato il Ministro Giovannini. \u201cAbbiamo adottato una visione integrata e sistemica, indispensabile per superare i ritardi del nostro Paese, non solo per quanto riguarda la logistica delle merci ma anche per la mobilit\u00e0 delle persone. Sono necessari \u2013 ha aggiunto Giovannini &#8211; investimenti per integrare ferrovie e sistemi di mobilit\u00e0 urbana, con un approccio innovativo per la consegna delle merci legata all\u2019e-commerce e, non ultimo, un impegno a permettere alle persone di adottare abitudini di mobilit\u00e0 pi\u00f9 sostenibili\u201d.<\/p>\n\n\n\n<p>Nelle citt\u00e0 italiane e nelle circostanti aree urbane si rileva un elevato uso del mezzo privato per gli spostamenti, cui si affianca il trasporto merci su ruota, che risulta in costante aumento e determina livelli di congestione sempre meno sostenibili, inquinamento e occupazione dello spazio urbano.<\/p>\n\n\n\n<p>Durante la giornata di approfondimento, i partecipanti, riuniti in tavoli di lavoro specifici, hanno discusso dei fattori abilitanti per una mobilit\u00e0 urbana pi\u00f9 integrata e sostenibile e, in particolare, del ruolo delle nuove tecnologie, delle opportunit\u00e0 offerte dallo sviluppo dei Piani urbani della mobilit\u00e0 sostenibile (PUMS), della regolamentazione e della pianificazione dell\u2019uso degli spazi urbani e della transizione verso il full-electric.<\/p>\n\n\n\n<p>Con l\u2019evento di Firenze si conclude la prima fase del percorso di incontri con gli stakeholder, iniziata a Milano il 5 luglio e proseguita a Napoli il 13 luglio. Filiere produttive, intermodalit\u00e0 e citt\u00e0 i tre temi affrontati da pi\u00f9 di trecento partecipanti complessivi. I contributi raccolti nelle discussioni arricchiscono il lavoro di stesura del Documento di indirizzo strategico e sono disponibili pubblicamente sul sito del Ministero mit.gov.it\/moveo.<br>In autunno, il Ministero torner\u00e0 a incontrare gli stakeholder per presentare i contenuti del Documento di indirizzo e raccogliere ulteriori contributi che arricchiranno la stesura finale del testo.<\/p>\n\n\n\n<p>Fonte: MIMS<\/p>\n","protected":false},"excerpt":{"rendered":"<p>Si \u00e8 tenuto il 28 luglio a Firenze il terzo appuntamento di \u201cMoveo\u201d, il percorso di incontri promosso dal Ministro delle Infrastrutture e della Mobilit\u00e0 Sostenibili, Enrico Giovannini, per accompagnare la redazione del nuovo Documento di indirizzo strategico del Ministero. All\u2019evento dal titolo \u201cLe citt\u00e0. Verso una mobilit\u00e0 sostenibile di merci e persone\u201d hanno partecipato&hellip; <a class=\"more-link\" href=\"https:\/\/www.ttsitalia.it\/en\/citta-e-trasporti-di-persone-e-merci-la-mobilita-urbana-al-centro-della-terza-tappa-di-moveo-a-firenze\/\">Continue reading <span class=\"screen-reader-text\">Citt\u00e0 e trasporti di persone e merci: la mobilit\u00e0 urbana al centro della terza tappa di Moveo a Firenze<\/span><\/a><\/p>\n","protected":false},"author":4,"featured_media":0,"comment_status":"closed","ping_status":"closed","sticky":false,"template":"","format":"standard","meta":{"_uag_custom_page_level_css":""},"categories":[1],"tags":[],"uagb_featured_image_src":{"full":false,"thumbnail":false,"medium":false,"medium_large":false,"large":false,"1536x1536":false,"2048x2048":false,"post-thumbnail":false},"uagb_author_info":{"display_name":"laura","author_link":"https:\/\/www.ttsitalia.it\/en\/author\/laura\/"},"uagb_comment_info":0,"uagb_excerpt":"Si \u00e8 tenuto il 28 luglio a Firenze il terzo appuntamento di \u201cMoveo\u201d, il percorso di incontri promosso dal Ministro delle Infrastrutture e della Mobilit\u00e0 Sostenibili, Enrico Giovannini, per accompagnare la redazione del nuovo Documento di indirizzo strategico del Ministero. All\u2019evento dal titolo \u201cLe citt\u00e0. Verso una mobilit\u00e0 sostenibile di merci e persone\u201d hanno partecipato&hellip;&hellip;","_links":{"self":[{"href":"https:\/\/www.ttsitalia.it\/en\/wp-json\/wp\/v2\/posts\/71200"}],"collection":[{"href":"https:\/\/www.ttsitalia.it\/en\/wp-json\/wp\/v2\/posts"}],"about":[{"href":"https:\/\/www.ttsitalia.it\/en\/wp-json\/wp\/v2\/types\/post"}],"author":[{"embeddable":true,"href":"https:\/\/www.ttsitalia.it\/en\/wp-json\/wp\/v2\/users\/4"}],"replies":[{"embeddable":true,"href":"https:\/\/www.ttsitalia.it\/en\/wp-json\/wp\/v2\/comments?post=71200"}],"version-history":[{"count":1,"href":"https:\/\/www.ttsitalia.it\/en\/wp-json\/wp\/v2\/posts\/71200\/revisions"}],"predecessor-version":[{"id":71203,"href":"https:\/\/www.ttsitalia.it\/en\/wp-json\/wp\/v2\/posts\/71200\/revisions\/71203"}],"wp:attachment":[{"href":"https:\/\/www.ttsitalia.it\/en\/wp-json\/wp\/v2\/media?parent=71200"}],"wp:term":[{"taxonomy":"category","embeddable":true,"href":"https:\/\/www.ttsitalia.it\/en\/wp-json\/wp\/v2\/categories?post=71200"},{"taxonomy":"post_tag","embeddable":true,"href":"https:\/\/www.ttsitalia.it\/en\/wp-json\/wp\/v2\/tags?post=71200"}],"curies":[{"name":"wp","href":"https:\/\/api.w.org\/{rel}","templated":true}]}}