{"id":91306,"date":"2026-08-31T09:09:36","date_gmt":"2026-08-31T07:09:36","guid":{"rendered":"https:\/\/www.ttsitalia.it\/?p=91306"},"modified":"2026-08-31T09:09:38","modified_gmt":"2026-08-31T07:09:38","slug":"amat-agenzia-mobilita-ambiente-e-territorio-e-alla-ricerca-di-rilevatori-territoriali","status":"publish","type":"post","link":"https:\/\/www.ttsitalia.it\/en\/amat-agenzia-mobilita-ambiente-e-territorio-e-alla-ricerca-di-rilevatori-territoriali\/","title":{"rendered":"AMAT Agenzia Mobilit\u00e0, Ambiente e Territorio \u00e8 alla ricerca di rilevatori territoriali"},"content":{"rendered":"\n<figure class=\"wp-block-image size-large\"><img loading=\"lazy\" width=\"400\" height=\"267\" src=\"https:\/\/www.ttsitalia.it\/wp-content\/uploads\/2021\/10\/50351468_s-400x267.jpg\" alt=\"\" class=\"wp-image-57940\" srcset=\"https:\/\/www.ttsitalia.it\/wp-content\/uploads\/2021\/10\/50351468_s-400x267.jpg 400w, https:\/\/www.ttsitalia.it\/wp-content\/uploads\/2021\/10\/50351468_s-300x200.jpg 300w, https:\/\/www.ttsitalia.it\/wp-content\/uploads\/2021\/10\/50351468_s-600x400.jpg 600w, https:\/\/www.ttsitalia.it\/wp-content\/uploads\/2021\/10\/50351468_s.jpg 848w\" sizes=\"(max-width: 400px) 100vw, 400px\" \/><\/figure>\n\n\n\n<p>AMAT Agenzia Mobilit\u00e0, Ambiente e Territorio avvier\u00e0, a partire da settembre 2026, un&#8217;attivit\u00e0 di rilievo della domanda di sosta delle biciclette sul territorio del Comune di Milano, che si svolger\u00e0 fino al 31 dicembre 2026.<\/p>\n\n\n\n<p>Per questo progetto \u00e8 quindi alla ricerca di rilevatori territoriali da impiegare nelle attivit\u00e0 di raccolta dati sul campo.<br>Le persone selezionate parteciperanno a un breve percorso di formazione iniziale e si occuperanno di:<\/p>\n\n\n\n<ul><li>effettuare il conteggio delle biciclette in sosta su strade pubbliche e aree pedonali;<\/li><li>raccogliere informazioni tramite un\u2019 app dedicata, utilizzando smartphone o tablet.<\/li><\/ul>\n\n\n\n<p>AMAT cerca persone che:<\/p>\n\n\n\n<ul><li>abbiano una buona familiarit\u00e0 con l&#8217;utilizzo di smartphone e applicazioni;<\/li><li>siano disponibili a svolgere attivit\u00e0 all&#8217;aperto e a muoversi sul territorio;<\/li><li>siano precise e attente nella raccolta dei dati.<\/li><\/ul>\n\n\n\n<p>\ud83d\udcc5 Periodo di attivit\u00e0: settembre \u2013 dicembre 2026<br>\ud83d\udccdSede dell&#8217;attivit\u00e0: Milano<br>\ud83d\udcc4Tipologia di collaborazione: contratto di lavoro occasionale<\/p>\n\n\n\n<p>Se desideri contribuire a un progetto dedicato al monitoraggio della mobilit\u00e0 sostenibile, invia il tuo CV all&#8217;indirizzo mobilita.attiva@amat-mi.it entro il 7 settembre 2026.<\/p>\n\n\n\n<p>Fonte: AMAT<\/p>\n","protected":false},"excerpt":{"rendered":"<p>AMAT Agenzia Mobilit\u00e0, Ambiente e Territorio avvier\u00e0, a partire da settembre 2026, un&#8217;attivit\u00e0 di rilievo della domanda di sosta delle biciclette sul territorio del Comune di Milano, che si svolger\u00e0 fino al 31 dicembre 2026. Per questo progetto \u00e8 quindi alla ricerca di rilevatori territoriali da impiegare nelle attivit\u00e0 di raccolta dati sul campo.Le persone&hellip; <a class=\"more-link\" href=\"https:\/\/www.ttsitalia.it\/en\/amat-agenzia-mobilita-ambiente-e-territorio-e-alla-ricerca-di-rilevatori-territoriali\/\">Continue reading <span class=\"screen-reader-text\">AMAT Agenzia Mobilit\u00e0, Ambiente e Territorio \u00e8 alla ricerca di rilevatori territoriali<\/span><\/a><\/p>\n","protected":false},"author":4,"featured_media":0,"comment_status":"closed","ping_status":"closed","sticky":false,"template":"","format":"standard","meta":{"_uag_custom_page_level_css":""},"categories":[1],"tags":[],"uagb_featured_image_src":{"full":false,"thumbnail":false,"medium":false,"medium_large":false,"large":false,"1536x1536":false,"2048x2048":false,"post-thumbnail":false},"uagb_author_info":{"display_name":"laura","author_link":"https:\/\/www.ttsitalia.it\/en\/author\/laura\/"},"uagb_comment_info":0,"uagb_excerpt":"AMAT Agenzia Mobilit\u00e0, Ambiente e Territorio avvier\u00e0, a partire da settembre 2026, un&#8217;attivit\u00e0 di rilievo della domanda di sosta delle biciclette sul territorio del Comune di Milano, che si svolger\u00e0 fino al 31 dicembre 2026. Per questo progetto \u00e8 quindi alla ricerca di rilevatori territoriali da impiegare nelle attivit\u00e0 di raccolta dati sul campo.Le persone&hellip;&hellip;","_links":{"self":[{"href":"https:\/\/www.ttsitalia.it\/en\/wp-json\/wp\/v2\/posts\/91306"}],"collection":[{"href":"https:\/\/www.ttsitalia.it\/en\/wp-json\/wp\/v2\/posts"}],"about":[{"href":"https:\/\/www.ttsitalia.it\/en\/wp-json\/wp\/v2\/types\/post"}],"author":[{"embeddable":true,"href":"https:\/\/www.ttsitalia.it\/en\/wp-json\/wp\/v2\/users\/4"}],"replies":[{"embeddable":true,"href":"https:\/\/www.ttsitalia.it\/en\/wp-json\/wp\/v2\/comments?post=91306"}],"version-history":[{"count":1,"href":"https:\/\/www.ttsitalia.it\/en\/wp-json\/wp\/v2\/posts\/91306\/revisions"}],"predecessor-version":[{"id":91307,"href":"https:\/\/www.ttsitalia.it\/en\/wp-json\/wp\/v2\/posts\/91306\/revisions\/91307"}],"wp:attachment":[{"href":"https:\/\/www.ttsitalia.it\/en\/wp-json\/wp\/v2\/media?parent=91306"}],"wp:term":[{"taxonomy":"category","embeddable":true,"href":"https:\/\/www.ttsitalia.it\/en\/wp-json\/wp\/v2\/categories?post=91306"},{"taxonomy":"post_tag","embeddable":true,"href":"https:\/\/www.ttsitalia.it\/en\/wp-json\/wp\/v2\/tags?post=91306"}],"curies":[{"name":"wp","href":"https:\/\/api.w.org\/{rel}","templated":true}]}}